{"id":19528,"date":"2011-05-06T12:57:39","date_gmt":"2011-05-06T10:57:39","guid":{"rendered":"http:\/\/thecuriousbrain.com\/?p=19528"},"modified":"2011-05-06T12:58:15","modified_gmt":"2011-05-06T10:58:15","slug":"new-year","status":"publish","type":"post","link":"https:\/\/thecuriousbrain.com\/?p=19528","title":{"rendered":"New Year"},"content":{"rendered":"<p><img data-recalc-dims=\"1\" loading=\"lazy\" decoding=\"async\" alt=\"\" src=\"https:\/\/i0.wp.com\/2.bp.blogspot.com\/-LfVpdmJwUzI\/TcPTix_lFEI\/AAAAAAAAAIM\/Ca_TTJgUfpk\/s1600\/tumblr_lkitodRz1b1qbgdqp_1304260682_cover.jpg?resize=494%2C494\" class=\"alignnone\" width=\"494\" height=\"494\" \/><\/p>\n<p><object height=\"81\" width=\"100%\"><param name=\"movie\" value=\"http:\/\/player.soundcloud.com\/player.swf?url=http%3A%2F%2Fapi.soundcloud.com%2Ftracks%2F14396132\"><\/param><param name=\"allowscriptaccess\" value=\"always\"><\/param><\/object>  <span><a href=\"http:\/\/soundcloud.com\/morrmusic\/fm-belfast-new-year-1\">Fm Belfast: New Year<\/a> by <a href=\"http:\/\/soundcloud.com\/morrmusic\">morrmusic<\/a><\/span><br \/>\nThe awesome <a href=\"http:\/\/thecuriousbrain.com\/index.php?s=FM+Belfast\">Icelandic electro-pop group FM Belfast <\/a>has announced the US release of their sophomore album, Don\u2019t Want To Sleep on Morr Music. Out on June 21!  New Year is their brand new song from the aforementioned album and you can download it free <a href=\"http:\/\/www.morrmusic.com\/artist\/FM%20Belfast\/fdl\/4ha0xmd\">from here <\/a><\/p>\n","protected":false},"excerpt":{"rendered":"<p>Fm Belfast: New Year by morrmusic The awesome Icelandic electro-pop group FM Belfast has announced the US release of their sophomore album, Don\u2019t Want To Sleep on Morr Music. Out on June 21! New Year is their brand new song from the aforementioned album and you can download it free from here<\/p>\n","protected":false},"author":1,"featured_media":0,"comment_status":"open","ping_status":"open","sticky":false,"template":"","format":"standard","meta":{"jetpack_post_was_ever_published":false,"_jetpack_newsletter_access":"","_jetpack_dont_email_post_to_subs":false,"_jetpack_newsletter_tier_id":0,"_jetpack_memberships_contains_paywalled_content":false,"_jetpack_memberships_contains_paid_content":false,"footnotes":"","jetpack_publicize_message":"","jetpack_publicize_feature_enabled":true,"jetpack_social_post_already_shared":false,"jetpack_social_options":{"image_generator_settings":{"template":"highway","default_image_id":0,"font":"","enabled":false},"version":2}},"categories":[5],"tags":[],"class_list":["post-19528","post","type-post","status-publish","format-standard","hentry","category-sounds"],"jetpack_publicize_connections":[],"jetpack_featured_media_url":"","jetpack-related-posts":[{"id":121734,"url":"https:\/\/thecuriousbrain.com\/?p=121734","url_meta":{"origin":19528,"position":0},"title":"ears","author":"thebrainbehind","date":"07\/06\/2014","format":false,"excerpt":"Brighter Days by FM Belfast new sounds from FM Belfast ears was originally published on The Curious Brain","rel":"","context":"In &quot;all other stuff&quot;","block_context":{"text":"all other stuff","link":"https:\/\/thecuriousbrain.com\/?cat=1"},"img":{"alt_text":"","src":"","width":0,"height":0},"classes":[]},{"id":51764,"url":"https:\/\/thecuriousbrain.com\/?p=51764","url_meta":{"origin":19528,"position":1},"title":"ears","author":"thebrainbehind","date":"07\/06\/2014","format":false,"excerpt":"Brighter Days by FM Belfast new sounds from FM Belfast","rel":"","context":"In &quot;sounds&quot;","block_context":{"text":"sounds","link":"https:\/\/thecuriousbrain.com\/?cat=5"},"img":{"alt_text":"","src":"","width":0,"height":0},"classes":[]},{"id":9594,"url":"https:\/\/thecuriousbrain.com\/?p=9594","url_meta":{"origin":19528,"position":2},"title":"Underwear","author":"thebrainbehind","date":"25\/05\/2010","format":false,"excerpt":"Underwear by FM Belfast (Music Video) from Daniel Scheinert on Vimeo. The amazing FM Belfast directed by Daniel Scheinert & Dan Kwan! What a brilliant song and video this is ! Sponsored by Fashion Optics","rel":"","context":"In &quot;sounds&quot;","block_context":{"text":"sounds","link":"https:\/\/thecuriousbrain.com\/?cat=5"},"img":{"alt_text":"","src":"","width":0,"height":0},"classes":[]},{"id":12220,"url":"https:\/\/thecuriousbrain.com\/?p=12220","url_meta":{"origin":19528,"position":3},"title":"Par Avion","author":"thebrainbehind","date":"22\/09\/2010","format":false,"excerpt":"FM Belfast: Par Avion from Torfi Frans Olafsson on Vimeo. Music video to the song \"Par Avion\" of FM Belfast created by Torfi Frans Olafsson. Although it dates a few years back it still sounds and looks amazing! Enjoy :-)","rel":"","context":"In &quot;sounds&quot;","block_context":{"text":"sounds","link":"https:\/\/thecuriousbrain.com\/?cat=5"},"img":{"alt_text":"","src":"","width":0,"height":0},"classes":[]},{"id":126404,"url":"https:\/\/thecuriousbrain.com\/?p=126404","url_meta":{"origin":19528,"position":4},"title":"American Brand new video by\u2026","author":"thebrainbehind","date":"11\/10\/2011","format":false,"excerpt":"American Brand new video by FM Belfast! Directed by \u00c1rni R\u00fanar Hl\u00f6\u00f0versson http:\/\/t.co\/LxjDNhs9 via @AddThis","rel":"","context":"In &quot;all other stuff&quot;","block_context":{"text":"all other stuff","link":"https:\/\/thecuriousbrain.com\/?cat=1"},"img":{"alt_text":"","src":"","width":0,"height":0},"classes":[]},{"id":126405,"url":"https:\/\/thecuriousbrain.com\/?p=126405","url_meta":{"origin":19528,"position":5},"title":"American","author":"thebrainbehind","date":"11\/10\/2011","format":false,"excerpt":"http:\/\/vimeo.com\/29321645 Brand new video by FM Belfast! Directed by \u00c1rni R\u00fanar Hl\u00f6\u00f0versson!! Original Article","rel":"","context":"In &quot;all other stuff&quot;","block_context":{"text":"all other stuff","link":"https:\/\/thecuriousbrain.com\/?cat=1"},"img":{"alt_text":"","src":"https:\/\/i0.wp.com\/thecuriousbrain.com\/wp-content\/uploads\/american.jpg?fit=640%2C360&ssl=1&resize=350%2C200","width":350,"height":200,"srcset":"https:\/\/i0.wp.com\/thecuriousbrain.com\/wp-content\/uploads\/american.jpg?fit=640%2C360&ssl=1&resize=350%2C200 1x, https:\/\/i0.wp.com\/thecuriousbrain.com\/wp-content\/uploads\/american.jpg?fit=640%2C360&ssl=1&resize=525%2C300 1.5x"},"classes":[]}],"jetpack_sharing_enabled":true,"_links":{"self":[{"href":"https:\/\/thecuriousbrain.com\/index.php?rest_route=\/wp\/v2\/posts\/19528","targetHints":{"allow":["GET"]}}],"collection":[{"href":"https:\/\/thecuriousbrain.com\/index.php?rest_route=\/wp\/v2\/posts"}],"about":[{"href":"https:\/\/thecuriousbrain.com\/index.php?rest_route=\/wp\/v2\/types\/post"}],"author":[{"embeddable":true,"href":"https:\/\/thecuriousbrain.com\/index.php?rest_route=\/wp\/v2\/users\/1"}],"replies":[{"embeddable":true,"href":"https:\/\/thecuriousbrain.com\/index.php?rest_route=%2Fwp%2Fv2%2Fcomments&post=19528"}],"version-history":[{"count":2,"href":"https:\/\/thecuriousbrain.com\/index.php?rest_route=\/wp\/v2\/posts\/19528\/revisions"}],"predecessor-version":[{"id":19530,"href":"https:\/\/thecuriousbrain.com\/index.php?rest_route=\/wp\/v2\/posts\/19528\/revisions\/19530"}],"wp:attachment":[{"href":"https:\/\/thecuriousbrain.com\/index.php?rest_route=%2Fwp%2Fv2%2Fmedia&parent=19528"}],"wp:term":[{"taxonomy":"category","embeddable":true,"href":"https:\/\/thecuriousbrain.com\/index.php?rest_route=%2Fwp%2Fv2%2Fcategories&post=19528"},{"taxonomy":"post_tag","embeddable":true,"href":"https:\/\/thecuriousbrain.com\/index.php?rest_route=%2Fwp%2Fv2%2Ftags&post=19528"}],"curies":[{"name":"wp","href":"https:\/\/api.w.org\/{rel}","templated":true}]}}